[{"@context":"https:\/\/schema.org\/","@type":"Article","@id":"https:\/\/www.teson.cz\/ta-spravna-chvile\/#Article","mainEntityOfPage":"https:\/\/www.teson.cz\/ta-spravna-chvile\/","headline":"Ta spr\u00e1vn\u00e1 chv\u00edle","name":"Ta spr\u00e1vn\u00e1 chv\u00edle","description":"Cht\u011bli byste si j\u00edt ven zab\u011bhat? Po\u0159\u00e1d \u010dek\u00e1te na to spr\u00e1vn\u00e9 po\u010das\u00ed? Proto\u017ee p\u0159ece v horku se b\u011bhat ned\u00e1 a ani v moc velk\u00e9 zim\u011b. Mezit\u00edm, kdy\u017e to st\u00e1le nevych\u00e1z\u00ed, m\u016f\u017eete nav\u0161t\u00edvit prodejnu CRAFTu a koupit si kvalitn\u00ed oble\u010den\u00ed na b\u011bh\u00e1n\u00ed. Alespo\u0148 n\u011bjak se navnad\u00edte na to, abyste ji\u017e brzy za\u010dali. B\u011b\u017eeck\u00e1 sez\u00f3na T\u011b\u017eko \u0159\u00edct, [&hellip;]","datePublished":"2024-12-14","dateModified":"2024-12-14","author":{"@type":"Person","@id":"https:\/\/www.teson.cz\/author\/#Person","name":"","url":"https:\/\/www.teson.cz\/author\/","identifier":1,"image":{"@type":"ImageObject","@id":"https:\/\/secure.gravatar.com\/avatar\/232437c79d6ebbb41eb67b1526ce0bc08ee5047d6b1594dc05abcc3258d8e0b3?s=96&d=mm&r=g","url":"https:\/\/secure.gravatar.com\/avatar\/232437c79d6ebbb41eb67b1526ce0bc08ee5047d6b1594dc05abcc3258d8e0b3?s=96&d=mm&r=g","height":96,"width":96}},"publisher":{"@type":"Organization","name":"teson.cz","logo":{"@type":"ImageObject","@id":"\/logo.png","url":"\/logo.png","width":600,"height":60}},"url":"https:\/\/www.teson.cz\/ta-spravna-chvile\/","wordCount":185,"articleBody":"Cht\u011bli byste si j\u00edt ven zab\u011bhat? Po\u0159\u00e1d \u010dek\u00e1te na to spr\u00e1vn\u00e9 po\u010das\u00ed? Proto\u017ee p\u0159ece v horku se b\u011bhat ned\u00e1 a ani v moc velk\u00e9 zim\u011b. Mezit\u00edm, kdy\u017e to st\u00e1le nevych\u00e1z\u00ed, m\u016f\u017eete nav\u0161t\u00edvit prodejnu CRAFTu a koupit si kvalitn\u00ed oble\u010den\u00ed na b\u011bh\u00e1n\u00ed. Alespo\u0148 n\u011bjak se navnad\u00edte na to, abyste ji\u017e brzy za\u010dali. B\u011b\u017eeck\u00e1 sez\u00f3na T\u011b\u017eko \u0159\u00edct, kdy za\u010d\u00edn\u00e1 a kdy kon\u010d\u00ed b\u011b\u017eeck\u00e1 sez\u00f3na. Ka\u017ed\u00fd to m\u00e1 toti\u017e \u00fapln\u011b jinak. N\u011bkomu vyhovuje chodit b\u011bhat v chladn\u011bj\u0161\u00edm po\u010das\u00ed, n\u011bkdo by u\u017e z toho byl nemocn\u00fd. Proto je pot\u0159eba po\u0159\u00e1dn\u011b se na to vybavit a chystat se na to, a\u017e budete zase moci vyb\u011bhnout. CRAFT v\u00e1s z\u00e1sob\u00ed skv\u011bl\u00fdm oble\u010den\u00edm na b\u011bh\u00e1n\u00ed. Zvl\u00e1\u0161t\u011b se v\u00e1m pak budou hodit lehk\u00e9 p\u00e9\u0159ov\u00e9 bundy, d\u00edky kter\u00fdm neprochladnete a z\u016fstanete v teple i p\u0159i chladn\u011bj\u0161\u00edch teplot\u00e1ch.                                                                                                                                                                                                                                                                                                                                                                                        4\/5 - (1 vote)        "},{"@context":"https:\/\/schema.org\/","@type":"BreadcrumbList","itemListElement":[{"@type":"ListItem","position":1,"name":"Ta spr\u00e1vn\u00e1 chv\u00edle","item":"https:\/\/www.teson.cz\/ta-spravna-chvile\/#breadcrumbitem"}]}]