[{"@context":"https:\/\/schema.org\/","@type":"Article","@id":"https:\/\/www.teson.cz\/prijemnejsi-posezeni-na-vasi-terase-nebo-balkonu\/#Article","mainEntityOfPage":"https:\/\/www.teson.cz\/prijemnejsi-posezeni-na-vasi-terase-nebo-balkonu\/","headline":"P\u0159\u00edjemn\u011bj\u0161\u00ed posezen\u00ed na va\u0161\u00ed terase nebo balkonu","name":"P\u0159\u00edjemn\u011bj\u0161\u00ed posezen\u00ed na va\u0161\u00ed terase nebo balkonu","description":"M\u00e1te u va\u0161eho bytu balkon nebo terasu? Pak si tento prostor vybavte a za\u0159i\u010fte p\u0159esn\u011b podle va\u0161ich p\u0159edstav tak, aby v\u00e1m posezen\u00ed a relaxov\u00e1n\u00ed p\u0159ineslo co nejv\u011bt\u0161\u00ed u\u017eitek a aby m\u00edsto bylo p\u0159\u00edjemn\u00e9 a \u00fatuln\u00e9 za ka\u017ed\u00e9 situace. Na balkon i terasy se hod\u00ed kv\u011btiny a tak\u00e9 n\u011bjak\u00e9 to posezen\u00ed s praktick\u00fdm stole\u010dkem ur\u010dit\u011b nesm\u00ed [&hellip;]","datePublished":"2023-05-25","dateModified":"2023-05-25","author":{"@type":"Person","@id":"https:\/\/www.teson.cz\/author\/#Person","name":"","url":"https:\/\/www.teson.cz\/author\/","identifier":1,"image":{"@type":"ImageObject","@id":"https:\/\/secure.gravatar.com\/avatar\/232437c79d6ebbb41eb67b1526ce0bc08ee5047d6b1594dc05abcc3258d8e0b3?s=96&d=mm&r=g","url":"https:\/\/secure.gravatar.com\/avatar\/232437c79d6ebbb41eb67b1526ce0bc08ee5047d6b1594dc05abcc3258d8e0b3?s=96&d=mm&r=g","height":96,"width":96}},"publisher":{"@type":"Organization","name":"teson.cz","logo":{"@type":"ImageObject","@id":"\/logo.png","url":"\/logo.png","width":600,"height":60}},"image":{"@type":"ImageObject","@id":"https:\/\/www.teson.cz\/wp-content\/uploads\/img_a298867_w2335_t1509049377.jpg","url":"https:\/\/www.teson.cz\/wp-content\/uploads\/img_a298867_w2335_t1509049377.jpg","height":0,"width":0},"url":"https:\/\/www.teson.cz\/prijemnejsi-posezeni-na-vasi-terase-nebo-balkonu\/","wordCount":412,"articleBody":"M\u00e1te u va\u0161eho bytu balkon nebo terasu? Pak si tento prostor vybavte a za\u0159i\u010fte p\u0159esn\u011b podle va\u0161ich p\u0159edstav tak, aby v\u00e1m posezen\u00ed a relaxov\u00e1n\u00ed p\u0159ineslo co nejv\u011bt\u0161\u00ed u\u017eitek a aby m\u00edsto bylo p\u0159\u00edjemn\u00e9 a \u00fatuln\u00e9 za ka\u017ed\u00e9 situace. Na balkon i terasy se hod\u00ed kv\u011btiny a tak\u00e9 n\u011bjak\u00e9 to posezen\u00ed s praktick\u00fdm stole\u010dkem ur\u010dit\u011b nesm\u00ed chyb\u011bt. Neobejdete se ov\u0161em tak\u00e9 bez dal\u0161\u00edch dopl\u0148k\u016f. Dal\u0161\u00ed nezbytnost\u00ed je ale tak\u00e9 n\u011bjak\u00e9 to praktick\u00e9 zast\u00edn\u011bn\u00ed, kter\u00e9 v\u00e1s zbav\u00ed ne\u017e\u00e1douc\u00edch slune\u010dn\u00edch paprsk\u016f a poskytne v\u00e1m p\u0159\u00edjemn\u00fd st\u00edn, kdykoliv jen o to budete st\u00e1t.Je p\u0159\u00edjemn\u00e9 posed\u011bt na balkon\u011b nebo na terase a dop\u0159\u00e1t si tak t\u0159eba sn\u00eddani, ob\u011bd, sva\u010dinu \u010di ve\u010de\u0159i na \u010derstv\u00e9m vzduchu, v poklidu a v p\u0159\u00edjemn\u00e9m prost\u0159ed\u00ed. Tento fakt v\u00e1m ov\u0161em m\u016f\u017ee znep\u0159\u00edjem\u0148ovat ostr\u00e9 slune\u010dn\u00ed paprsky a tak\u00e9 t\u0159eba horko. Jak tuto situaci vy\u0159e\u0161it, ani\u017e byste si museli odep\u0159\u00edt va\u0161i siestu v podob\u011b p\u0159\u00edjemn\u00e9ho posezen\u00ed? Vyberte si vhodnou st\u00edn\u00edc\u00ed techniku pro va\u0161i terasu nebo balkon a m\u00e1te o starost m\u00e9n\u011b.P\u0159\u00edjemn\u00e9 posezen\u00ed i v horku a za p\u0159\u00edm\u00e9ho slune\u010dn\u00edho svitu Mo\u017enost\u00ed k tomu, aby v\u00e1m slunce a horko neznep\u0159\u00edjem\u0148ovalo va\u0161i odpoledn\u00ed siestu na terase je hned n\u011bkolik, tak\u017ee m\u016f\u017eete vyb\u00edrat m\u016f\u017eete z r\u016fzn\u00fdch variant zast\u00edn\u011bn\u00ed. Pot\u00e9, co si vyberete vhodnou variantu zast\u00edn\u011bn\u00ed va\u0161eho balkonu nebo terasy u\u017e v\u00e1s nebudou tr\u00e1pit ostr\u00e9 slune\u010dn\u00ed paprsky a strach ze sp\u00e1len\u00ed. Budete si tak moci posed\u011bt v p\u0159\u00edjemn\u00e9m st\u00ednu, pry\u010d od horka a vt\u00edrav\u00fdch slune\u010dn\u00edch paprsk\u016f. O slun\u00ed\u010dko ale \u00fapln\u011b p\u0159ij\u00edt nemus\u00edte, a\u017e v\u00e1s st\u00edn\u00edc\u00ed technika omrz\u00ed a zatou\u017e\u00edte zase po slun\u00ed\u010dku, jednodu\u0161e mark\u00fdzy vyt\u00e1hnete a je to. M\u016f\u017eete tak posezen\u00ed p\u0159izp\u016fsobit va\u0161im moment\u00e1ln\u00edm pot\u0159eb\u00e1m. Vyberte si elegantn\u00ed a designov\u00e9 mark\u00fdzy pro va\u0161e terasy, kter\u00e9 se tak stanou i zaj\u00edmav\u00fdm dopl\u0148kem a va\u0161\u00ed terase tak dodaj\u00ed \u0161mrnc a eleganci.                                                                                                                                                                                                                                                                                                                                                                                        4.1\/5 - (7 votes)        "},{"@context":"https:\/\/schema.org\/","@type":"BreadcrumbList","itemListElement":[{"@type":"ListItem","position":1,"name":"P\u0159\u00edjemn\u011bj\u0161\u00ed posezen\u00ed na va\u0161\u00ed terase nebo balkonu","item":"https:\/\/www.teson.cz\/prijemnejsi-posezeni-na-vasi-terase-nebo-balkonu\/#breadcrumbitem"}]}]