[{"@context":"https:\/\/schema.org\/","@type":"Article","@id":"https:\/\/www.teson.cz\/prijemne-vybaveni\/#Article","mainEntityOfPage":"https:\/\/www.teson.cz\/prijemne-vybaveni\/","headline":"P\u0159\u00edjemn\u00e9 vybaven\u00ed","name":"P\u0159\u00edjemn\u00e9 vybaven\u00ed","description":"Vyb\u00edr\u00e1te si i vy nyn\u00ed vybaven\u00ed do sv\u00e9ho domu? Pokud ho chcete vybavit co nejl\u00e9pe, tak nev\u00e1hejte a po\u0159i\u010fte si kvalitn\u00ed a modern\u00ed vybaven\u00ed, na kter\u00e9 je spolehnut\u00ed. Zkombinujte modern\u00ed kousky s n\u011b\u010d\u00edm tradi\u010dn\u00edm. Vsa\u010fte na koberce Praha, kter\u00e9 zastoup\u00ed ten tradi\u010dn\u00ed prvek va\u0161eho interi\u00e9ru. Jsou velmi kvalitn\u00ed a po spr\u00e1vn\u00e9m v\u00fdb\u011bru dok\u00e1\u017eou ve va\u0161em [&hellip;]","datePublished":"2023-07-08","dateModified":"2023-07-08","author":{"@type":"Person","@id":"https:\/\/www.teson.cz\/author\/#Person","name":"","url":"https:\/\/www.teson.cz\/author\/","identifier":1,"image":{"@type":"ImageObject","@id":"https:\/\/secure.gravatar.com\/avatar\/232437c79d6ebbb41eb67b1526ce0bc08ee5047d6b1594dc05abcc3258d8e0b3?s=96&d=mm&r=g","url":"https:\/\/secure.gravatar.com\/avatar\/232437c79d6ebbb41eb67b1526ce0bc08ee5047d6b1594dc05abcc3258d8e0b3?s=96&d=mm&r=g","height":96,"width":96}},"publisher":{"@type":"Organization","name":"teson.cz","logo":{"@type":"ImageObject","@id":"\/logo.png","url":"\/logo.png","width":600,"height":60}},"url":"https:\/\/www.teson.cz\/prijemne-vybaveni\/","wordCount":235,"articleBody":"Vyb\u00edr\u00e1te si i vy nyn\u00ed vybaven\u00ed do sv\u00e9ho domu? Pokud ho chcete vybavit co nejl\u00e9pe, tak nev\u00e1hejte a po\u0159i\u010fte si kvalitn\u00ed a modern\u00ed vybaven\u00ed, na kter\u00e9 je spolehnut\u00ed. Zkombinujte modern\u00ed kousky s n\u011b\u010d\u00edm tradi\u010dn\u00edm. Vsa\u010fte na koberce Praha, kter\u00e9 zastoup\u00ed ten tradi\u010dn\u00ed prvek va\u0161eho interi\u00e9ru. Jsou velmi kvalitn\u00ed a po spr\u00e1vn\u00e9m v\u00fdb\u011bru dok\u00e1\u017eou ve va\u0161em interi\u00e9ru naprost\u00e9 divy. Vypadaj\u00ed toti\u017e fantasticky, obzvl\u00e1\u0161t\u011b v kombinaci se spr\u00e1vn\u011b zvolen\u00fdm modern\u00edm n\u00e1bytkem a dal\u0161\u00edmi dopl\u0148ky. Nev\u00e1hejte tedy investovat sv\u00e9 pen\u00edze do t\u011bchto modern\u00edch a kvalitn\u00edch tkanin, kter\u00e9 se prod\u00e1vaj\u00ed v mnoha r\u016fzn\u00fdch barevn\u00fdch proveden\u00edch.Ide\u00e1ln\u00ed m\u00edraJe t\u0159eba v\u0161e d\u016fkladn\u011b propo\u010d\u00edtat a prom\u011b\u0159it, a\u0165 je jasn\u00e9 kolik je t\u0159eba zakoupit metr\u016f. O to v\u0161e se postaraj\u00ed odborn\u00edci, kte\u0159\u00ed k v\u00e1m dom\u016f p\u0159ijedou a zajist\u00ed kompletn\u00ed v\u00fdb\u011bru m\u00edstnosti, do kter\u00e9 chcete po\u0159\u00eddit koberec. Nebudete muset hnout ani prstem, o v\u0161e bude postar\u00e1no. Pot\u00e9 si budete u\u017e\u00edvat pouze v\u00fdsledn\u00fd efekt, kter\u00fd bude st\u00e1t za to. Nepodce\u0148te av\u0161ak samotn\u00fd v\u00fdb\u011br, kter\u00fd je prvn\u00edm krokem k tomu, aby to ve v\u00fdsledku vypadalo b\u00e1je\u010dn\u011b.                                                                                                                                                                                                                                                                                                                                                                                        4.1\/5 - (8 votes)        "},{"@context":"https:\/\/schema.org\/","@type":"BreadcrumbList","itemListElement":[{"@type":"ListItem","position":1,"name":"P\u0159\u00edjemn\u00e9 vybaven\u00ed","item":"https:\/\/www.teson.cz\/prijemne-vybaveni\/#breadcrumbitem"}]}]