[{"@context":"https:\/\/schema.org\/","@type":"Article","@id":"https:\/\/www.teson.cz\/obvykla-dovolena\/#Article","mainEntityOfPage":"https:\/\/www.teson.cz\/obvykla-dovolena\/","headline":"Obvykl\u00e1 dovolen\u00e1","name":"Obvykl\u00e1 dovolen\u00e1","description":"Dovolen\u00e1 u mo\u0159e m\u016f\u017ee b\u00fdt n\u011bkdy velice zaj\u00edmav\u00e1, proto\u017ee sice je to obvykl\u00e1 dovolen\u00e1, mnoho lid\u00ed prost\u011b jezd\u00ed v l\u00e9t\u011b hlavn\u011b k mo\u0159i. Milujete tak\u00e9 mo\u0159e? J\u00e1 si mysl\u00edm, \u017ee popravd\u011b mnoho lid\u00ed mo\u0159e miluje, ale n\u011bkte\u0159\u00ed lid\u00e9 u\u017e jsou takov\u00ed, \u017ee prost\u011b m\u00edsto dovolen\u00e9 k mo\u0159i t\u0159eba zajedou n\u011bkam na n\u011bjak\u00fd jin\u00fd v\u00fdlet, t\u0159eba [&hellip;]","datePublished":"2024-03-30","dateModified":"2024-03-30","author":{"@type":"Person","@id":"https:\/\/www.teson.cz\/author\/#Person","name":"","url":"https:\/\/www.teson.cz\/author\/","identifier":1,"image":{"@type":"ImageObject","@id":"https:\/\/secure.gravatar.com\/avatar\/232437c79d6ebbb41eb67b1526ce0bc08ee5047d6b1594dc05abcc3258d8e0b3?s=96&d=mm&r=g","url":"https:\/\/secure.gravatar.com\/avatar\/232437c79d6ebbb41eb67b1526ce0bc08ee5047d6b1594dc05abcc3258d8e0b3?s=96&d=mm&r=g","height":96,"width":96}},"publisher":{"@type":"Organization","name":"teson.cz","logo":{"@type":"ImageObject","@id":"\/logo.png","url":"\/logo.png","width":600,"height":60}},"image":{"@type":"ImageObject","@id":"https:\/\/www.teson.cz\/wp-content\/uploads\/mo%C5%99e_8.jpg","url":"https:\/\/www.teson.cz\/wp-content\/uploads\/mo%C5%99e_8.jpg","height":0,"width":0},"url":"https:\/\/www.teson.cz\/obvykla-dovolena\/","about":["Dovolen\u00e1"],"wordCount":418,"articleBody":"Dovolen\u00e1 u mo\u0159e m\u016f\u017ee b\u00fdt n\u011bkdy velice zaj\u00edmav\u00e1, proto\u017ee sice je to obvykl\u00e1 dovolen\u00e1, mnoho lid\u00ed prost\u011b jezd\u00ed v l\u00e9t\u011b hlavn\u011b k mo\u0159i. Milujete tak\u00e9 mo\u0159e? J\u00e1 si mysl\u00edm, \u017ee popravd\u011b mnoho lid\u00ed mo\u0159e miluje, ale n\u011bkte\u0159\u00ed lid\u00e9 u\u017e jsou takov\u00ed, \u017ee prost\u011b m\u00edsto dovolen\u00e9 k mo\u0159i t\u0159eba zajedou n\u011bkam na n\u011bjak\u00fd jin\u00fd v\u00fdlet, t\u0159eba i po \u010cesku, proto\u017ee i v \u010cesku vlastn\u011b b\u00fdv\u00e1 kr\u00e1sn\u011b. J\u00e1 se p\u0159izn\u00e1m, \u017ee jsem u mo\u0159e nikdy nebyla a popravd\u011b m\u011b to v\u016fbec nel\u00e1k\u00e1, proto\u017ee m\u00e1m pocit, \u017ee takov\u00e9to cestov\u00e1n\u00ed, a to v\u0161echno kolem toho je prost\u011b n\u00e1ro\u010dn\u00e9. A j\u00e1 jsem sp\u00ed\u0161 klidn\u00fd \u010dlov\u011bk. Sna\u017e\u00edm se p\u0159ij\u00edt na jin\u00e9 my\u0161lenky, a hlavn\u011b si chci usnadnit cestu, abych nemusela p\u0159\u00edli\u0161 \u010dasto cestovat a balit velk\u00fd kufr, proto\u017ee m\u011b to prost\u011b nel\u00e1k\u00e1.Ale samoz\u0159ejm\u011b, mnoho lid\u00ed se mnou nesouhlas\u00ed, proto\u017ee mnoho lid\u00ed pr\u00e1v\u011b na tu dovolenou v l\u00e9t\u011b k mo\u0159i stra\u0161n\u011b r\u00e1no odj\u00ed\u017ed\u00ed. J\u00e1 prost\u011b takov\u00e1 nejsem, jsem asi jin\u00e1. Nechci \u0159\u00edct, \u017ee jsem p\u0159\u00edmo nenorm\u00e1ln\u00ed, \u017ee prost\u011b nejedu k \u017e\u00e1dn\u00e9mu mo\u0159i, ale prost\u011b m\u011b to nel\u00e1k\u00e1. A kdy\u017e to n\u011bkoho nel\u00e1k\u00e1, je lep\u0161\u00ed si zajet t\u0159eba n\u011bkam na chatu nebo za kamar\u00e1dkou na p\u011bkn\u00fd t\u00fdden. Uvid\u00edte, \u017ee i to se d\u00e1 kr\u00e1sn\u011b skloubit s letn\u00ed dovolenou. Samoz\u0159ejm\u011b je jasn\u00e9, \u017ee takov\u00e9 mo\u0159e je \u00fapln\u011b n\u011bco jin\u00e9ho, ne\u017e kdy\u017e pojedete n\u011bkam po \u010cesku, ale m\u011b to nebav\u00ed a nechci nikde takhle jezdit, proto\u017ee to pro m\u011b nen\u00ed nic pozitivn\u00edho a sp\u00ed\u0161e tam vid\u00edm velk\u00e1 negativa. Nikoho ale o dovolen\u00e9 nechci odrazovat, proto\u017ee v\u00edm, \u017ee mnoho lid\u00ed tam cestuje, a koho to bav\u00ed, tomu moc gratuluji, proto\u017ee j\u00e1 prost\u011b nejsem ten typ, kter\u00fd by si lehl n\u011bkde u mo\u0159e a cht\u011bl takhle cestovat. Ale koho to bav\u00ed, je dob\u0159e, \u017ee si na takovou letn\u00ed dovolenou zajedete. Kdo to nezkus\u00ed, tak nev\u00ed. N\u011bkdy je ale lep\u0161\u00ed, pokud V\u00e1s to vylo\u017een\u011b nebav\u00ed, tak rozhodn\u011b nikam nejet, proto\u017ee m\u011b by ta cesta n\u011bkam k mo\u0159i p\u0159i\u0161la hodn\u011b zbyte\u010dn\u00e1 a nem\u011bla bych z toho \u017e\u00e1dnou velkou radost.\u00a0                                                                                                                                                                                                                                                                                                                                                                                        4.4\/5 - (5 votes)        "},{"@context":"https:\/\/schema.org\/","@type":"BreadcrumbList","itemListElement":[{"@type":"ListItem","position":1,"name":"Obvykl\u00e1 dovolen\u00e1","item":"https:\/\/www.teson.cz\/obvykla-dovolena\/#breadcrumbitem"}]}]