[{"@context":"https:\/\/schema.org\/","@type":"Article","@id":"https:\/\/www.teson.cz\/kulturni-dedictvi-ceske-republiky\/#Article","mainEntityOfPage":"https:\/\/www.teson.cz\/kulturni-dedictvi-ceske-republiky\/","headline":"Kulturn\u00ed d\u011bdictv\u00ed \u010cesk\u00e9 republiky","name":"Kulturn\u00ed d\u011bdictv\u00ed \u010cesk\u00e9 republiky","description":"Kultura je \u00fa\u017easn\u00e1. A je s n\u00e1mi u\u017e odprad\u00e1vna. V\u0161ak i ve st\u0159edov\u011bku byli mal\u00ed\u0159i i divadeln\u00ed um\u011blci. Je to soubor tv\u016fr\u010d\u00edch lidsk\u00fdch \u010dinnost\u00ed. Jako je literatura, um\u011bn\u00ed, divadlo. Asi jako prvn\u00ed um\u011blec Sokrates se za\u010dal o kulturu zaj\u00edmat. Tvrdil, \u017ee nejen t\u011blo, ale i du\u0161e pot\u0159ebuje ur\u010ditou d\u00e1vku l\u00e1sky a p\u00e9\u010de. Tak\u00e9 hudba pat\u0159\u00ed [&hellip;]","datePublished":"2022-07-23","dateModified":"2023-05-25","author":{"@type":"Person","@id":"https:\/\/www.teson.cz\/author\/#Person","name":"","url":"https:\/\/www.teson.cz\/author\/","identifier":1,"image":{"@type":"ImageObject","@id":"https:\/\/secure.gravatar.com\/avatar\/232437c79d6ebbb41eb67b1526ce0bc08ee5047d6b1594dc05abcc3258d8e0b3?s=96&d=mm&r=g","url":"https:\/\/secure.gravatar.com\/avatar\/232437c79d6ebbb41eb67b1526ce0bc08ee5047d6b1594dc05abcc3258d8e0b3?s=96&d=mm&r=g","height":96,"width":96}},"publisher":{"@type":"Organization","name":"teson.cz","logo":{"@type":"ImageObject","@id":"\/logo.png","url":"\/logo.png","width":600,"height":60}},"image":{"@type":"ImageObject","@id":"https:\/\/www.teson.cz\/wp-content\/uploads\/z%C3%A1mek%20hlubok%C3%A1.jpg","url":"https:\/\/www.teson.cz\/wp-content\/uploads\/z%C3%A1mek%20hlubok%C3%A1.jpg","height":0,"width":0},"url":"https:\/\/www.teson.cz\/kulturni-dedictvi-ceske-republiky\/","about":["Kultura"],"wordCount":424,"articleBody":"Kultura je \u00fa\u017easn\u00e1. A je s n\u00e1mi u\u017e odprad\u00e1vna. V\u0161ak i ve st\u0159edov\u011bku byli mal\u00ed\u0159i i divadeln\u00ed um\u011blci. Je to soubor tv\u016fr\u010d\u00edch lidsk\u00fdch \u010dinnost\u00ed. Jako je literatura, um\u011bn\u00ed, divadlo. Asi jako prvn\u00ed um\u011blec Sokrates se za\u010dal o kulturu zaj\u00edmat. Tvrdil, \u017ee nejen t\u011blo, ale i du\u0161e pot\u0159ebuje ur\u010ditou d\u00e1vku l\u00e1sky a p\u00e9\u010de. Tak\u00e9 hudba pat\u0159\u00ed mezi kulturn\u00ed skvosty. Vzpome\u0148me t\u0159eba na Smetanu, Mozarta a nebo Beethovena. Ti v\u0161ichni n\u00e1m p\u0159inesli obrovsk\u00e9 poklady do kulturn\u00edho d\u011bdictv\u00ed. A co v\u0161echno najdeme jako kulturn\u00ed d\u011bdictv\u00ed u n\u00e1s v \u010cesk\u00e9 republice? U n\u00e1s spravuje kulturn\u00ed pam\u00e1tky spr\u00e1va UNESCO.Do toho spadaj\u00ed v\u0161echny kulturn\u00ed kulturn\u00ed pam\u00e1tky po cel\u00e9 \u010cesk\u00e9 republice. Jako t\u0159eba n\u00e1\u0161 \u010cesk\u00fd Krumlov. Nach\u00e1z\u00ed se kolem \u0159eky Vltavy a p\u016fvodn\u011b m\u011bl hrad gotick\u00fd r\u00e1z. Toto p\u0159ekr\u00e1sn\u00e9 bohatstv\u00ed stoj\u00ed nedot\u010den\u011b n\u011bkolik set let. Tak\u00e9 vesni\u010dka na jihu \u010cech Hola\u0161ovice se dostala pod ochranu UNESCA. Jsou toti\u017e uk\u00e1zkou selsk\u00e9ho baroka a lidov\u00fdch tradic. Ne jenom pam\u00e1tky, ale i t\u0159eba h\u0159eb\u010d\u00edn v Kladrubech je registrov\u00e1n jako kulturn\u00ed d\u011bdictv\u00ed. Jako dal\u0161\u00ed mus\u00edme zm\u00ednit Krom\u011b\u0159\u00ed\u017e nebo Lednicko- valtick\u00fd are\u00e1l. Kdysi se honosilo m\u011bsto Krom\u011b\u0159\u00ed\u017e jm\u00e9nem Han\u00e1ck\u00e9 Ath\u00e9ny. A to u\u017e dost hovo\u0159\u00ed samo o sob\u011b.A lednicko-valtick\u00fd are\u00e1l se rozprost\u00edr\u00e1 mezi B\u0159eclav\u00ed a Mikulovem. A je st\u00e1le naz\u00fdv\u00e1n zahradou Evropy. A to je opravdu v\u00fdsti\u017en\u00e9 a p\u0159esn\u00e9. Pokud se tam zajedete pod\u00edvat ur\u010dit\u011b nikdy nebudete litovat. A v neposledn\u00ed \u0159ad\u011b p\u0159ekr\u00e1sn\u00e9 m\u011bsto Litomy\u0161l. Je pln\u00e9 kulturn\u00edho d\u011bdictv\u00ed. Doslova na ka\u017ed\u00e9m kroku. Asi nejv\u011bt\u0161\u00ed dominantou je p\u0159ekr\u00e1sn\u00fd renesan\u010dn\u00ed z\u00e1mek. M\u00e1 na sob\u011b grafity a uvnit\u0159 skoro nedotknut\u00fd p\u016fvodn\u00ed interi\u00e9r. K tomu n\u00e1le\u017e\u00ed z\u00e1meck\u00e9 zahrady. A o kousek d\u00e1l najdeme dokonal\u00fd gotick\u00fd kl\u00e1\u0161ter spolu s rozlehl\u00fdmi gotick\u00fdmi zahradami. A potom a\u017e se nasyt\u00edte kr\u00e1sou zahrad m\u016f\u017eete sestoupit na n\u00e1dhern\u00e9 n\u00e1m\u011bst\u00ed. S dochovan\u00fdmi p\u016fvodn\u00edmi dome\u010dky. Opravdu Litomy\u0161l stoj\u00ed za n\u00e1v\u0161t\u011bvu. Na n\u00e1m\u011bst\u00ed je spousta kr\u00e1sn\u00fdch a \u00fatuln\u00fdch kav\u00e1ren. M\u016f\u017eu opravdu jen doporu\u010dit. Stoj\u00ed to za to.\u00a0                                                                                                                                                                                                                                                                                                                                                                                        3.7\/5 - (10 votes)        "},{"@context":"https:\/\/schema.org\/","@type":"BreadcrumbList","itemListElement":[{"@type":"ListItem","position":1,"name":"Kulturn\u00ed d\u011bdictv\u00ed \u010cesk\u00e9 republiky","item":"https:\/\/www.teson.cz\/kulturni-dedictvi-ceske-republiky\/#breadcrumbitem"}]}]