[{"@context":"https:\/\/schema.org\/","@type":"Article","@id":"https:\/\/www.teson.cz\/jaka-je-krasa\/#Article","mainEntityOfPage":"https:\/\/www.teson.cz\/jaka-je-krasa\/","headline":"Jak\u00e1 je kr\u00e1sa","name":"Jak\u00e1 je kr\u00e1sa","description":"Co pro v\u00e1s znamen\u00e1 kr\u00e1sa? Proto\u017ee se pt\u00e1m kv\u016fli tomu, \u017ee pro n\u011bkoho je kr\u00e1sa \u00fapln\u011b n\u011bco jin\u00e9ho. N\u011bkdo vn\u00edm\u00e1 kr\u00e1sou \u00fapln\u011b jinak. A nikdo nebere v potaz t\u0159eba nap\u0159\u00edklad lidskou kr\u00e1su, ale kr\u00e1su p\u0159\u00edrody. P\u0159em\u00fd\u0161leli jste n\u011bkdy o tom? Mysl\u00edm si, \u017ee mnoho lid\u00ed ne. Proto\u017ee kdy\u017e \u0159eknu slovo kr\u00e1sa, tak si ka\u017ed\u00fd p\u0159edstav\u00ed [&hellip;]","datePublished":"2022-05-22","dateModified":"2023-05-25","author":{"@type":"Person","@id":"https:\/\/www.teson.cz\/author\/#Person","name":"","url":"https:\/\/www.teson.cz\/author\/","identifier":1,"image":{"@type":"ImageObject","@id":"https:\/\/secure.gravatar.com\/avatar\/232437c79d6ebbb41eb67b1526ce0bc08ee5047d6b1594dc05abcc3258d8e0b3?s=96&d=mm&r=g","url":"https:\/\/secure.gravatar.com\/avatar\/232437c79d6ebbb41eb67b1526ce0bc08ee5047d6b1594dc05abcc3258d8e0b3?s=96&d=mm&r=g","height":96,"width":96}},"publisher":{"@type":"Organization","name":"teson.cz","logo":{"@type":"ImageObject","@id":"\/logo.png","url":"\/logo.png","width":600,"height":60}},"image":{"@type":"ImageObject","@id":"https:\/\/www.teson.cz\/wp-content\/uploads\/woman-1281830_960_720.jpg","url":"https:\/\/www.teson.cz\/wp-content\/uploads\/woman-1281830_960_720.jpg","height":0,"width":0},"url":"https:\/\/www.teson.cz\/jaka-je-krasa\/","about":["Kr\u00e1sa"],"wordCount":450,"articleBody":"Co pro v\u00e1s znamen\u00e1 kr\u00e1sa? Proto\u017ee se pt\u00e1m kv\u016fli tomu, \u017ee pro n\u011bkoho je kr\u00e1sa \u00fapln\u011b n\u011bco jin\u00e9ho. N\u011bkdo vn\u00edm\u00e1 kr\u00e1sou \u00fapln\u011b jinak. A nikdo nebere v potaz t\u0159eba nap\u0159\u00edklad lidskou kr\u00e1su, ale kr\u00e1su p\u0159\u00edrody. P\u0159em\u00fd\u0161leli jste n\u011bkdy o tom? Mysl\u00edm si, \u017ee mnoho lid\u00ed ne. Proto\u017ee kdy\u017e \u0159eknu slovo kr\u00e1sa, tak si ka\u017ed\u00fd p\u0159edstav\u00ed n\u011bjakou kr\u00e1snou \u017eenu, nejl\u00e9pe modelku. A j\u00e1 se tomu nediv\u00edm, proto\u017ee j\u00e1 jsem taky ze za\u010d\u00e1tku d\u0159\u00edve p\u0159i slov\u011b kr\u00e1sa si vybavila opravdu kr\u00e1snou \u017eenu. Nicm\u00e9n\u011b postupem \u010dasu, kdy jsem se dala do malov\u00e1n\u00ed krajinek, jsem si uv\u011bdomila, \u017ee kr\u00e1sa nen\u00ed pouze ta lidsk\u00e1, ale \u017ee kr\u00e1sa m\u016f\u017ee b\u00fdt i p\u0159\u00edroda. T\u0159eba kr\u00e1sn\u00fd mot\u00fdl anebo kr\u00e1sn\u00e1 \u0159eka nebo kr\u00e1sn\u00fd les a pole.\u0158\u00edk\u00e1 v\u00e1m to n\u011bco? Mysl\u00edm si, \u017ee je opravdu velk\u00e1 \u0161koda, \u017ee lid\u00e9 vn\u00edmaj\u00ed kr\u00e1su n\u011bjak jinak a hodn\u011b odli\u0161n\u011b. Sice je to z jednoho pohledu dobr\u00e9, ale m\u011bli by si lid\u00e9 uv\u011bdomit, \u017ee kr\u00e1sa je i p\u0159\u00edroda a v\u011bci kolem n\u00e1s. Nemus\u00ed to nutn\u011b znamenat pouze kr\u00e1su \u010dlov\u011bka a tady hlavn\u011b \u017eeny. Proto\u017ee \u017eena chce b\u00fdt kr\u00e1sn\u00e1 v\u017edycky. A taky se kr\u00e1sa d\u011bl\u00ed na to, jestli kr\u00e1sa je vn\u011bj\u0161\u00ed anebo vnit\u0159n\u00ed. Samoz\u0159ejm\u011b, \u017ee posledn\u00ed dobou let\u00ed to, \u017ee se d\u00e1v\u00e1 v\u00edce p\u0159ednost a kr\u00e1se vnit\u0159n\u00ed. J\u00e1 na to nev\u011b\u0159\u00edm. Proto\u017ee pochybuji, \u017ee by n\u011bjak\u00fdm mu\u017e dbal nejv\u00edce na to, aby byla \u017eena kr\u00e1sn\u00e1 zevnit\u0159 a zvenku by nebyla. Nebo vy si mysl\u00edte, \u017ee n\u011bjak\u00fdm mu\u017e by se zamiloval do \u017eeny, kter\u00e1 m\u00e1 po sob\u011b sam\u00e9 bradavice? Mysl\u00edm si, \u017ee asi mnoho m\u016f\u017eu ne, proto\u017ee kdy\u017e se zept\u00e1m n\u011bkoho, tak ka\u017ed\u00fd tou\u017e\u00ed po vn\u011bj\u0161\u00ed kr\u00e1se. A v\u00edm, \u017ee mu\u017e chce, aby \u017eena byla alespo\u0148 tro\u0161ku p\u011bkn\u00e1 a atraktivn\u00ed. Nebo vy ne? Podle \u010deho si vyb\u00edr\u00e1te sv\u00e9\u00a0partnery? Je jasn\u00e9, \u017ee n\u011bkdo nedb\u00e1 na kr\u00e1su vn\u011bj\u0161\u00ed ani vnit\u0159n\u00ed,\u00a0proto\u017ee\u00a0n\u011bkomu je \u00fapln\u011b jedno, jak \u010dlov\u011bk vypad\u00e1. Sp\u00ed\u0161e mu jde o to, aby byl t\u0159eba bohat\u00fd a m\u011bl\u00a0luxusn\u00ed\u00a0auta. I tady plat\u00ed, \u017ee kr\u00e1sa nen\u00ed v\u0161echno. nebo jste se u\u017e\u00a0n\u011bkdy\u00a0zamilovali do luxusn\u00ed auta? No, j\u00e1 u\u017e ano.\u00a0                                                                                                                                                                                                                                                                                                                                                                                        4\/5 - (4 votes)        "},{"@context":"https:\/\/schema.org\/","@type":"BreadcrumbList","itemListElement":[{"@type":"ListItem","position":1,"name":"Jak\u00e1 je kr\u00e1sa","item":"https:\/\/www.teson.cz\/jaka-je-krasa\/#breadcrumbitem"}]}]