{"@context":"https:\/\/schema.org\/","@type":"CollectionPage","@id":"https:\/\/www.teson.cz\/dovolena\/#CollectionPage","headline":"Dovolen\u00e1 Category","description":"","url":"https:\/\/www.teson.cz\/dovolena\/","hasPart":[{"@type":"Article","@id":"https:\/\/www.teson.cz\/obvykla-dovolena\/","headline":"Obvykl\u00e1 dovolen\u00e1","url":"https:\/\/www.teson.cz\/obvykla-dovolena\/","datePublished":"2024-03-30","dateModified":"2024-03-30","mainEntityOfPage":"https:\/\/www.teson.cz\/obvykla-dovolena\/","author":{"@type":"Person","@id":"https:\/\/www.teson.cz\/author\/#Person","name":"","url":"https:\/\/www.teson.cz\/author\/","identifier":1,"image":{"@type":"ImageObject","@id":"https:\/\/secure.gravatar.com\/avatar\/232437c79d6ebbb41eb67b1526ce0bc08ee5047d6b1594dc05abcc3258d8e0b3?s=96&d=mm&r=g","url":"https:\/\/secure.gravatar.com\/avatar\/232437c79d6ebbb41eb67b1526ce0bc08ee5047d6b1594dc05abcc3258d8e0b3?s=96&d=mm&r=g","height":96,"width":96}},"publisher":{"@type":"Organization","name":"teson.cz","logo":{"@type":"ImageObject","@id":"\/logo.png","url":"\/logo.png","width":600,"height":60}},"image":{"@type":"ImageObject","@id":"https:\/\/www.teson.cz\/wp-content\/uploads\/mo%C5%99e_8.jpg","url":"https:\/\/www.teson.cz\/wp-content\/uploads\/mo%C5%99e_8.jpg","height":0,"width":0},"keywords":null},{"@type":"Article","@id":"https:\/\/www.teson.cz\/co-s-sebou-na-dovolenou\/","headline":"Co s sebou na dovolenou","url":"https:\/\/www.teson.cz\/co-s-sebou-na-dovolenou\/","datePublished":"2023-07-26","dateModified":"2024-02-26","mainEntityOfPage":"https:\/\/www.teson.cz\/co-s-sebou-na-dovolenou\/","author":{"@type":"Person","@id":"https:\/\/www.teson.cz\/author\/#Person","name":"","url":"https:\/\/www.teson.cz\/author\/","identifier":1,"image":{"@type":"ImageObject","@id":"https:\/\/secure.gravatar.com\/avatar\/232437c79d6ebbb41eb67b1526ce0bc08ee5047d6b1594dc05abcc3258d8e0b3?s=96&d=mm&r=g","url":"https:\/\/secure.gravatar.com\/avatar\/232437c79d6ebbb41eb67b1526ce0bc08ee5047d6b1594dc05abcc3258d8e0b3?s=96&d=mm&r=g","height":96,"width":96}},"publisher":{"@type":"Organization","name":"teson.cz","logo":{"@type":"ImageObject","@id":"\/logo.png","url":"\/logo.png","width":600,"height":60}},"image":{"@type":"ImageObject","@id":"https:\/\/www.teson.cz\/wp-content\/uploads\/girl-429380_640_2.jpg","url":"https:\/\/www.teson.cz\/wp-content\/uploads\/girl-429380_640_2.jpg","height":0,"width":0},"keywords":null},{"@type":"Article","@id":"https:\/\/www.teson.cz\/na-dovolene-by-mel-clovek-prijit-na-jine-myslenky\/","headline":"Na dovolen\u00e9 by m\u011bl \u010dlov\u011bk p\u0159ij\u00edt na jin\u00e9 my\u0161lenky","url":"https:\/\/www.teson.cz\/na-dovolene-by-mel-clovek-prijit-na-jine-myslenky\/","datePublished":"2022-07-23","dateModified":"2023-05-25","mainEntityOfPage":"https:\/\/www.teson.cz\/na-dovolene-by-mel-clovek-prijit-na-jine-myslenky\/","author":{"@type":"Person","@id":"https:\/\/www.teson.cz\/author\/#Person","name":"","url":"https:\/\/www.teson.cz\/author\/","identifier":1,"image":{"@type":"ImageObject","@id":"https:\/\/secure.gravatar.com\/avatar\/232437c79d6ebbb41eb67b1526ce0bc08ee5047d6b1594dc05abcc3258d8e0b3?s=96&d=mm&r=g","url":"https:\/\/secure.gravatar.com\/avatar\/232437c79d6ebbb41eb67b1526ce0bc08ee5047d6b1594dc05abcc3258d8e0b3?s=96&d=mm&r=g","height":96,"width":96}},"publisher":{"@type":"Organization","name":"teson.cz","logo":{"@type":"ImageObject","@id":"\/logo.png","url":"\/logo.png","width":600,"height":60}},"image":{"@type":"ImageObject","@id":"https:\/\/www.teson.cz\/wp-content\/uploads\/v%C4%9Bci_4.JPG","url":"https:\/\/www.teson.cz\/wp-content\/uploads\/v%C4%9Bci_4.JPG","height":0,"width":0},"keywords":null},{"@type":"Article","@id":"https:\/\/www.teson.cz\/konec-prazdnin\/","headline":"Konec pr\u00e1zdnin","url":"https:\/\/www.teson.cz\/konec-prazdnin\/","datePublished":"2022-05-13","dateModified":"2023-05-25","mainEntityOfPage":"https:\/\/www.teson.cz\/konec-prazdnin\/","author":{"@type":"Person","@id":"https:\/\/www.teson.cz\/author\/#Person","name":"","url":"https:\/\/www.teson.cz\/author\/","identifier":1,"image":{"@type":"ImageObject","@id":"https:\/\/secure.gravatar.com\/avatar\/232437c79d6ebbb41eb67b1526ce0bc08ee5047d6b1594dc05abcc3258d8e0b3?s=96&d=mm&r=g","url":"https:\/\/secure.gravatar.com\/avatar\/232437c79d6ebbb41eb67b1526ce0bc08ee5047d6b1594dc05abcc3258d8e0b3?s=96&d=mm&r=g","height":96,"width":96}},"publisher":{"@type":"Organization","name":"teson.cz","logo":{"@type":"ImageObject","@id":"\/logo.png","url":"\/logo.png","width":600,"height":60}},"image":{"@type":"ImageObject","@id":"https:\/\/www.teson.cz\/wp-content\/uploads\/Frymburk.jpg","url":"https:\/\/www.teson.cz\/wp-content\/uploads\/Frymburk.jpg","height":0,"width":0},"keywords":null},{"@type":"Article","@id":"https:\/\/www.teson.cz\/dovolena-trochu-jinak\/","headline":"Dovolen\u00e1 trochu jinak","url":"https:\/\/www.teson.cz\/dovolena-trochu-jinak\/","datePublished":"2020-02-10","dateModified":"2020-02-10","mainEntityOfPage":"https:\/\/www.teson.cz\/dovolena-trochu-jinak\/","author":{"@type":"Person","@id":"https:\/\/www.teson.cz\/author\/#Person","name":"","url":"https:\/\/www.teson.cz\/author\/","identifier":1,"image":{"@type":"ImageObject","@id":"https:\/\/secure.gravatar.com\/avatar\/232437c79d6ebbb41eb67b1526ce0bc08ee5047d6b1594dc05abcc3258d8e0b3?s=96&d=mm&r=g","url":"https:\/\/secure.gravatar.com\/avatar\/232437c79d6ebbb41eb67b1526ce0bc08ee5047d6b1594dc05abcc3258d8e0b3?s=96&d=mm&r=g","height":96,"width":96}},"publisher":{"@type":"Organization","name":"teson.cz","logo":{"@type":"ImageObject","@id":"\/logo.png","url":"\/logo.png","width":600,"height":60}},"image":{"@type":"ImageObject","@id":"https:\/\/www.teson.cz\/wp-content\/uploads\/img_a370538_w3069_t1582186855.jpg","url":"https:\/\/www.teson.cz\/wp-content\/uploads\/img_a370538_w3069_t1582186855.jpg","height":0,"width":0},"keywords":null}]}