[{"@context":"https:\/\/schema.org\/","@type":"Article","@id":"https:\/\/www.teson.cz\/dekorace-nesmi-chybet\/#Article","mainEntityOfPage":"https:\/\/www.teson.cz\/dekorace-nesmi-chybet\/","headline":"Dekorace nesm\u00ed chyb\u011bt","name":"Dekorace nesm\u00ed chyb\u011bt","description":"Je naprosto logick\u00e9, \u017ee kdo nemus\u00ed, ten ne\u017eije tam, kde se mu to nel\u00edb\u00ed. A ka\u017ed\u00fd, kdo m\u00e1 tu mo\u017enost, d\u011bl\u00e1 ledacos pro to, aby se mu na m\u00edst\u011b, kde se zdr\u017euje, co nejv\u00edce l\u00edbilo. Co\u017e obn\u00e1\u0161\u00ed i pot\u0159ebu si sv\u016fj d\u016fm nebo byt kvalitn\u011b vyzdobit. Tak, jak to doty\u010dn\u00e9mu vyhovuje, tak, jak mu to [&hellip;]","datePublished":"2022-08-08","dateModified":"2023-05-25","author":{"@type":"Person","@id":"https:\/\/www.teson.cz\/author\/#Person","name":"","url":"https:\/\/www.teson.cz\/author\/","identifier":1,"image":{"@type":"ImageObject","@id":"https:\/\/secure.gravatar.com\/avatar\/232437c79d6ebbb41eb67b1526ce0bc08ee5047d6b1594dc05abcc3258d8e0b3?s=96&d=mm&r=g","url":"https:\/\/secure.gravatar.com\/avatar\/232437c79d6ebbb41eb67b1526ce0bc08ee5047d6b1594dc05abcc3258d8e0b3?s=96&d=mm&r=g","height":96,"width":96}},"publisher":{"@type":"Organization","name":"teson.cz","logo":{"@type":"ImageObject","@id":"\/logo.png","url":"\/logo.png","width":600,"height":60}},"image":{"@type":"ImageObject","@id":"https:\/\/www.teson.cz\/wp-content\/uploads\/pletene_prouti_jCsO5e.jpg","url":"https:\/\/www.teson.cz\/wp-content\/uploads\/pletene_prouti_jCsO5e.jpg","height":0,"width":0},"url":"https:\/\/www.teson.cz\/dekorace-nesmi-chybet\/","about":["Produkty"],"wordCount":437,"articleBody":"        Je naprosto logick\u00e9, \u017ee kdo nemus\u00ed, ten ne\u017eije tam, kde se mu to nel\u00edb\u00ed. A ka\u017ed\u00fd, kdo m\u00e1 tu mo\u017enost, d\u011bl\u00e1 ledacos pro to, aby se mu na m\u00edst\u011b, kde se zdr\u017euje, co nejv\u00edce l\u00edbilo. Co\u017e obn\u00e1\u0161\u00ed i pot\u0159ebu si sv\u016fj d\u016fm nebo byt kvalitn\u011b vyzdobit. Tak, jak to doty\u010dn\u00e9mu vyhovuje, tak, jak mu to d\u011bl\u00e1 dob\u0159e na du\u0161i.  Nen\u00ed tedy ni\u010d\u00edm nenorm\u00e1ln\u00edm, \u017ee si lid\u00e9 po\u0159izuj\u00ed nejen to, co jim prokazuje u\u017eite\u010dn\u00e9 slu\u017eby, ale i to, co se jim zkr\u00e1tka jenom l\u00edb\u00ed a t\u0159eba to ani nic v\u00edc, ne\u017e estetickou \u00farove\u0148 nenab\u00edz\u00ed. Proto\u017ee i kr\u00e1sa lidsk\u00fd \u017eivot ovliv\u0148uje, a to samoz\u0159ejm\u011b pozitivn\u011b. Je tak docela b\u011b\u017en\u00e9, \u017ee si lid\u00e9 po\u0159izuj\u00ed v\u0161emo\u017en\u00e9 prout\u011bn\u00e9 dekorace. V\u017edy\u0165 pod\u00edv\u00e1me-li se na n\u011b, zjist\u00edme, \u017ee tyto b\u00fdvaj\u00ed skute\u010dn\u011b hezk\u00e9 nebo aspo\u0148 zaj\u00edmav\u00e9. A je mezi nimi tolik r\u016fzn\u00fdch variant, \u017ee by bylo s podivem, kdyby tu n\u011bkdo nena\u0161el nic, co by se mu l\u00edbilo a co by ho t\u0159eba i vysloven\u011b nadchlo. Jakkoliv je prout\u00ed pouh\u00fd docela ban\u00e1ln\u00ed p\u0159\u00edrodn\u00ed materi\u00e1l, jak\u00fd lze vid\u011bt r\u016fst leckde kolem n\u00e1s, lze i t\u00edmto ud\u011blat dob\u0159e na\u0161im zrak\u016fm. Nebo \u017ee by tomu bylo pr\u00e1v\u011b proto? Na tom vlastn\u011b nesejde. A\u0165 u\u017e jsou prout\u011bn\u00e9 v\u00fdrobky lidmi obl\u00edben\u00e9 z jak\u00e9hokoliv d\u016fvodu, jsou prost\u011b takov\u00e9. A nikdo se nemus\u00ed spokojit pouze s t\u011bmito. Doplnit je mohou i jin\u00e9 p\u0159\u00edrodn\u00ed materi\u00e1ly, jako jsou dejme tomu mechov\u00e9 koule, kter\u00e9 tak\u00e9 dok\u00e1\u017eou zaujmout v pozitivn\u00edm smyslu slova.  Takov\u00e9 materi\u00e1ly se prost\u011b l\u00edb\u00ed, a v\u00fdrobky z nich jakbysmet. A kdy\u017e je dnes chce n\u011bkdo m\u00edt, nemus\u00ed se za nimi nikam trm\u00e1cet. Ani do lesa, ani n\u011bkam do k\u0159ovinat\u00fdch m\u00edst. Lze si je po\u0159\u00eddit i tak, \u017ee si je prost\u011b ten, kdo po nich tou\u017e\u00ed, koup\u00ed. Je to rychl\u00e9 a pohodln\u00e9 a ka\u017ed\u00e9mu m\u016f\u017ee p\u0159ij\u00edt pr\u00e1v\u011b takov\u00e1 slu\u017eba vhod. Klidn\u011b i v\u00e1m, pokud m\u00e1te pocit, \u017ee va\u0161emu domovu n\u011bco sch\u00e1z\u00ed. T\u00edm n\u011b\u010d\u00edm m\u016f\u017ee b\u00fdt pr\u00e1v\u011b n\u011bkter\u00fd v\u00fdrobek z takov\u00fdch p\u0159\u00edrodn\u00edch materi\u00e1l\u016f. Kter\u00e9 by podle m\u00e9ho n\u00e1zoru nem\u011bly chyb\u011bt u nikoho.                                                                                                                                                                                                                                                                                                                                                                                          2\/5 - (2 votes)        "},{"@context":"https:\/\/schema.org\/","@type":"BreadcrumbList","itemListElement":[{"@type":"ListItem","position":1,"name":"Dekorace nesm\u00ed chyb\u011bt","item":"https:\/\/www.teson.cz\/dekorace-nesmi-chybet\/#breadcrumbitem"}]}]